{"id":1244,"date":"2020-02-24T14:33:05","date_gmt":"2020-02-24T13:33:05","guid":{"rendered":"https:\/\/claudiaovan.it\/?p=1244"},"modified":"2020-02-24T14:35:37","modified_gmt":"2020-02-24T13:35:37","slug":"footlights-for-mudefri","status":"publish","type":"post","link":"https:\/\/claudiaovan.it\/it\/footlights-for-mudefri\/","title":{"rendered":"Luci della ribalta per il MuDeFri"},"content":{"rendered":"<p><\/br><br \/>\nLo scorso settembre  lo studio ha ricevuto l\u2019incarico di ufficio stampa Italia per il MuDeFri, Museo del Design del Friuli-Venezia Giulia, nato da un\u2019idea dell\u2019architetto Anna Lombardi. La sua sede \u00e8 il web, dove con un semplice click sono visitabili di stanza in stanza veri e propri percorsi espositivi sulla storia del design friulano.<br \/>\nDopo aver redatto un comunicato istituzionale, che presentasse questa innovativa realt\u00e0 e gli obiettivi che la sottendono, la comunicazione si \u00e8 sviluppata su alcune di quelle che sono le mostre interattive ospitate dal museo. Nello specifico \u00e8 stato raccontato della mostra Donne Designer in FVG, che prosegue un discorso sul ruolo della donna nel design italiano avviato da La Triennale di Milano nel 2016;<\/p>\n<div class=\"pap-hide pap-col\"><!--col--><\/div>\n<p>della mostra sulla vetroresina, invenzione di due udinesi che ha segnato la produzione industriale del \u2018900; e delle anticipazioni sulla Udine Design Week. Questa iniziativa fa s\u00ec che il portale scenda nelle strade una volta all\u2019anno, trasformando la citt\u00e0 di Udine in un museo del design a cielo aperto.<br \/>\nIn pochi mesi l\u2019attivit\u00e0 di promozione ha intercettato l\u2019interesse delle redazioni, che hanno visto nel progetto qualcosa di inedito e significativo. Il MuDeFri, infatti, ha trovato spazio in molte pubblicazioni online e cartacee, come DDN, Casa Facile, AD, Interni e Area, che con i loro servizi hanno cos\u00ec dato un valido e apprezzato contributo alla conoscenza del design friulano a livello nazionale.<br \/>\n<\/p>","protected":false},"excerpt":{"rendered":"<p>Lo scorso settembre lo studio ha ricevuto l\u2019incarico di ufficio stampa Italia per il MuDeFri, Museo del Design del Friuli-Venezia Giulia, nato da un\u2019idea dell\u2019architetto Anna Lombardi. La sua sede \u00e8 il web, dove con un semplice click sono visitabili di stanza in stanza veri e propri percorsi espositivi sulla storia del design friulano. Dopo&#8230;<\/p>\n","protected":false},"author":2,"featured_media":1246,"comment_status":"open","ping_status":"open","sticky":false,"template":"","format":"standard","meta":[],"categories":[1],"tags":[5,52,51,6,35,54],"acf":[],"_links":{"self":[{"href":"https:\/\/claudiaovan.it\/it\/wp-json\/wp\/v2\/posts\/1244"}],"collection":[{"href":"https:\/\/claudiaovan.it\/it\/wp-json\/wp\/v2\/posts"}],"about":[{"href":"https:\/\/claudiaovan.it\/it\/wp-json\/wp\/v2\/types\/post"}],"author":[{"embeddable":true,"href":"https:\/\/claudiaovan.it\/it\/wp-json\/wp\/v2\/users\/2"}],"replies":[{"embeddable":true,"href":"https:\/\/claudiaovan.it\/it\/wp-json\/wp\/v2\/comments?post=1244"}],"version-history":[{"count":14,"href":"https:\/\/claudiaovan.it\/it\/wp-json\/wp\/v2\/posts\/1244\/revisions"}],"predecessor-version":[{"id":1265,"href":"https:\/\/claudiaovan.it\/it\/wp-json\/wp\/v2\/posts\/1244\/revisions\/1265"}],"wp:featuredmedia":[{"embeddable":true,"href":"https:\/\/claudiaovan.it\/it\/wp-json\/wp\/v2\/media\/1246"}],"wp:attachment":[{"href":"https:\/\/claudiaovan.it\/it\/wp-json\/wp\/v2\/media?parent=1244"}],"wp:term":[{"taxonomy":"category","embeddable":true,"href":"https:\/\/claudiaovan.it\/it\/wp-json\/wp\/v2\/categories?post=1244"},{"taxonomy":"post_tag","embeddable":true,"href":"https:\/\/claudiaovan.it\/it\/wp-json\/wp\/v2\/tags?post=1244"}],"curies":[{"name":"wp","href":"https:\/\/api.w.org\/{rel}","templated":true}]}}