{"id":1269,"date":"2020-06-25T17:18:35","date_gmt":"2020-06-25T15:18:35","guid":{"rendered":"https:\/\/claudiaovan.it\/?p=1269"},"modified":"2020-09-11T13:03:49","modified_gmt":"2020-09-11T11:03:49","slug":"iorestoacasa-noitipremiamo-the-promotion-for-il-giardino-di-corten","status":"publish","type":"post","link":"https:\/\/claudiaovan.it\/it\/iorestoacasa-noitipremiamo-the-promotion-for-il-giardino-di-corten\/","title":{"rendered":"#iorestoacasa, #noitipremiamo: la promozione per Il Giardino di Corten"},"content":{"rendered":"<p><\/br><br \/>\nIl lockdown \u00e8 finito e pian piano la quotidianit\u00e0, messa a dura prova dall\u2019emergenza sanitaria Covid-19, si sta riprendendo il proprio posto.<br \/>\nUna Nazione intera \u00e8 rimasta in casa per oltre due mesi e ci\u00f2 ha cambiato il modo di lavorare e comunicare di molte aziende, che nel migliore dei casi si sono ritrovate con il personale in smart working.<br \/>\nGrandi e piccoli brand hanno accolto e rilanciato la campagna #iorestoacasa promossa dal governo, comprendendo l\u2019importanza e la necessit\u00e0 di una comunicazione alternativa, pi\u00f9 vicina ai bisogni e ai valori dei propri clienti.<br \/>\nAnche il nostro studio ha sviluppato una strategia digitale per il Giardino di Corten curando, dal testo alla grafica, la<\/p>\n<div class=\"pap-hide pap-col\"><!--col--><\/div>\n<p>promozione #iorestoacasa, #noitipremiamo: l\u2019azienda ha rilasciato un buono del 10% del valore dell\u2019acquisto on line, spendibile successivamente.<br \/>\nL\u2019obiettivo della campagna \u00e8 stato di generazione di lead verso il sito aziendale focalizzato su un target preciso e per fare ci\u00f2 sono stati coinvolti i canali social Facebook e Instagram. La copertura dei post \u00e8 stata alta e il traffico sull\u2019e-commerce davvero notevole: con oltre 2500 atterraggi sul sito, gli utenti hanno confermato l\u2019apprezzamento per il rilancio di una campagna istituzionale e nel contempo l\u2019interesse per i prodotti dell\u2019azienda. Copy e visual hanno infatti contribuito a trasmettere un messaggio positivo e di vicinanza in questo difficile momento. Ancora una volta l\u2019omnichannel strategy, unita alla pronta reazione di comunicazione e marketing, si \u00e8 dimostrata fondamentale per sviluppare e ridisegnare la comunicazione del brand.<br \/>\n<\/p>","protected":false},"excerpt":{"rendered":"<p>Il lockdown \u00e8 finito e pian piano la quotidianit\u00e0, messa a dura prova dall\u2019emergenza sanitaria Covid-19, si sta riprendendo il proprio posto. Una Nazione intera \u00e8 rimasta in casa per oltre due mesi e ci\u00f2 ha cambiato il modo di lavorare e comunicare di molte aziende, che nel migliore dei casi si sono ritrovate con&#8230;<\/p>\n","protected":false},"author":2,"featured_media":1353,"comment_status":"open","ping_status":"open","sticky":false,"template":"","format":"standard","meta":[],"categories":[1],"tags":[],"acf":[],"_links":{"self":[{"href":"https:\/\/claudiaovan.it\/it\/wp-json\/wp\/v2\/posts\/1269"}],"collection":[{"href":"https:\/\/claudiaovan.it\/it\/wp-json\/wp\/v2\/posts"}],"about":[{"href":"https:\/\/claudiaovan.it\/it\/wp-json\/wp\/v2\/types\/post"}],"author":[{"embeddable":true,"href":"https:\/\/claudiaovan.it\/it\/wp-json\/wp\/v2\/users\/2"}],"replies":[{"embeddable":true,"href":"https:\/\/claudiaovan.it\/it\/wp-json\/wp\/v2\/comments?post=1269"}],"version-history":[{"count":10,"href":"https:\/\/claudiaovan.it\/it\/wp-json\/wp\/v2\/posts\/1269\/revisions"}],"predecessor-version":[{"id":1354,"href":"https:\/\/claudiaovan.it\/it\/wp-json\/wp\/v2\/posts\/1269\/revisions\/1354"}],"wp:featuredmedia":[{"embeddable":true,"href":"https:\/\/claudiaovan.it\/it\/wp-json\/wp\/v2\/media\/1353"}],"wp:attachment":[{"href":"https:\/\/claudiaovan.it\/it\/wp-json\/wp\/v2\/media?parent=1269"}],"wp:term":[{"taxonomy":"category","embeddable":true,"href":"https:\/\/claudiaovan.it\/it\/wp-json\/wp\/v2\/categories?post=1269"},{"taxonomy":"post_tag","embeddable":true,"href":"https:\/\/claudiaovan.it\/it\/wp-json\/wp\/v2\/tags?post=1269"}],"curies":[{"name":"wp","href":"https:\/\/api.w.org\/{rel}","templated":true}]}}